{"id":2113,"date":"2022-10-16T20:00:00","date_gmt":"2022-10-16T18:00:00","guid":{"rendered":"http:\/\/blog.kaihartmann.de\/?p=2113"},"modified":"2022-10-16T20:22:07","modified_gmt":"2022-10-16T18:22:07","slug":"von-frederick-der-maus-lernen","status":"publish","type":"post","link":"http:\/\/blog.kaihartmann.de\/?p=2113","title":{"rendered":"Von Frederick der Maus lernen"},"content":{"rendered":"\n<h2 class=\"wp-block-heading\">K\u00fcrbisse an jeder Ecke, die Weihnachtsdeko in den Schaufenstern und die nahende Zeitumstellung zeigten ihm an: es geht zu Ende mit dem Sommer. Doch wie konnte er sich gegen einen deprimierenden Winter wappnen?<\/h2>\n\n\n\n<p>Alle Felder sind abgeerntet und fast scheint es, als ob der \u201eSchnitter allen Lebens\u201c (so eine poetische Beschreibung des Todes) wie die \u00c4hren auf dem Feld das fr\u00f6hliche Ich mit seiner Sense schneidet. Nur wenige Menschen finden den November den sch\u00f6nsten Monat des Jahres, perfekt f\u00fcr einen Tag zu Hause auf dem Sofa oder einem Spaziergang durch feuchte Felder und W\u00e4lder. Auch Venedig soll im November einen besonderen, weil morbiden, Charme haben. Viele Menschen fallen dagegen nach den Monaten von W\u00e4rme und Licht in sich zusammen, wenn die N\u00e4chte l\u00e4nger als die Tage sind. Sp\u00e4testens mit dem Ende der Sommerzeit droht eine grundlegende Betr\u00fcbnis.<\/p>\n\n\n\n<p>Im Kinderbuch \u201eFrederick\u201c von Leo Lionni sitzt w\u00e4hrend des gesamten Herbstes scheinbar faul und unt\u00e4tig eine Feldmaus herum, w\u00e4hrend alle anderen M\u00e4use flei\u00dfig Vorr\u00e4te f\u00fcr den Winter sammeln. Als er gefragt wird, warum er nicht mithelfen w\u00fcrde, sagt Frederick, dass er auch Vorr\u00e4te sammelte, n\u00e4mlich Sonnenstrahlen, Farben und W\u00f6rter. Im Winter leben die Feldm\u00e4use dann eine Zeit lang gut von den Vorr\u00e4ten, doch als die aufgebraucht sind, ist noch lange nicht Fr\u00fchling. Nun solle doch Frederick seine Vorr\u00e4te hergeben. Und so erz\u00e4hlt er ihnen von der Sonne, die auch als Erinnerung noch w\u00e4rmt. Von Farben, die im Winter so rar sind und die Worte werden zu einem Gedicht. Frederick hilft den Feldm\u00e4usen so, den Winter zu \u00fcberstehen. Denn so wie der Mensch leben auch Feldm\u00e4use nicht vom Brot allein.<\/p>\n\n\n\n<p><img decoding=\"async\" style=\"width:320px; height:193px; float:right; margin-left:25px; margin-bottom:10px; margin-top:4px;\" src=\"https:\/\/www.kaihartmann.de\/images\/coaching\/blog\/sommererinnerungen320x193.png\" alt=\"Einnerungen an den Sommer sammeln\">An diesem kleinen Frederick haben wir uns ein Beispiel genommen und so sammeln meine Frau und ich jeden Sonntag Sonnenstrahlen, Farben und Worte in Form von Sonntagsausfl\u00fcgen. Allesamt in der nahen Umgebung, raus in die Parks und G\u00e4rten oder den Gr\u00fcng\u00fcrtel rund um Frankfurt. Manchmal ganz offen, manchmal ganz heimlich mache ich ein Foto mit dem Handy, aus dem dann eine Postkarte wird. Diese kommt im Lauf der Woche zu Hause an und erinnert uns in der dann schon vollen Arbeitswoche daran, wo wir am Sonntag waren. Ein Seufzer, ein \u201eAch ja, das war sch\u00f6n!\u201c l\u00f6st W\u00e4rme in uns aus und l\u00e4sst graue Arbeitstage bunter erscheinen.<\/p>\n\n\n\n<p>Die Karten finden \u00fcberall ihren Platz, mal aufgereiht, mal auf einem Stapel, mal als Lesezeichen und so stolpern wir manchmal Monate sp\u00e4ter dar\u00fcber, wo wir im Fr\u00fchling waren (und es schon l\u00e4ngst vergessen hatten). In der ersten Corona-Zeit haben wir damit angefangen und es seitdem als eine wertvolle Tradition beibehalten. Damit k\u00f6nnen wir sogar \u00fcber Dieter Hildebrand lachen:<\/p>\n\n\n\n<blockquote class=\"wp-block-quote is-layout-flow wp-block-quote-is-layout-flow\"><p>Wenn du und das Laub wird \u00e4lter,<br>und du merkst, die Luft wird k\u00e4lter,<br>und du fiehlst, da\u00df du bald sterbst,<br>dann is Herbst.<\/p><\/blockquote>\n\n\n\n<p>Dieter Hildebrandt: Schlesischer Jahreszeiten-Zyklus<\/p>\n","protected":false},"excerpt":{"rendered":"<p>K\u00fcrbisse an jeder Ecke, die Weihnachtsdeko in den Schaufenstern und die nahende Zeitumstellung zeigten ihm an: es geht zu Ende mit dem Sommer. Doch wie konnte er sich gegen einen deprimierenden Winter wappnen? Alle Felder sind abgeerntet und fast scheint es, als ob der \u201eSchnitter allen Lebens\u201c (so eine poetische Beschreibung des Todes) wie die [&hellip;]<\/p>\n","protected":false},"author":1,"featured_media":0,"comment_status":"open","ping_status":"open","sticky":false,"template":"","format":"standard","meta":{"footnotes":""},"categories":[7],"tags":[21,14],"class_list":["post-2113","post","type-post","status-publish","format-standard","hentry","category-justme","tag-riemann","tag-selbstliebe"],"_links":{"self":[{"href":"http:\/\/blog.kaihartmann.de\/index.php?rest_route=\/wp\/v2\/posts\/2113","targetHints":{"allow":["GET"]}}],"collection":[{"href":"http:\/\/blog.kaihartmann.de\/index.php?rest_route=\/wp\/v2\/posts"}],"about":[{"href":"http:\/\/blog.kaihartmann.de\/index.php?rest_route=\/wp\/v2\/types\/post"}],"author":[{"embeddable":true,"href":"http:\/\/blog.kaihartmann.de\/index.php?rest_route=\/wp\/v2\/users\/1"}],"replies":[{"embeddable":true,"href":"http:\/\/blog.kaihartmann.de\/index.php?rest_route=%2Fwp%2Fv2%2Fcomments&post=2113"}],"version-history":[{"count":2,"href":"http:\/\/blog.kaihartmann.de\/index.php?rest_route=\/wp\/v2\/posts\/2113\/revisions"}],"predecessor-version":[{"id":2116,"href":"http:\/\/blog.kaihartmann.de\/index.php?rest_route=\/wp\/v2\/posts\/2113\/revisions\/2116"}],"wp:attachment":[{"href":"http:\/\/blog.kaihartmann.de\/index.php?rest_route=%2Fwp%2Fv2%2Fmedia&parent=2113"}],"wp:term":[{"taxonomy":"category","embeddable":true,"href":"http:\/\/blog.kaihartmann.de\/index.php?rest_route=%2Fwp%2Fv2%2Fcategories&post=2113"},{"taxonomy":"post_tag","embeddable":true,"href":"http:\/\/blog.kaihartmann.de\/index.php?rest_route=%2Fwp%2Fv2%2Ftags&post=2113"}],"curies":[{"name":"wp","href":"https:\/\/api.w.org\/{rel}","templated":true}]}}